{"id":194,"count":1,"description":"","link":"https:\/\/acp-initiative.com\/fr\/project_tag\/gestion-a-lechelle-de-la-region\/","name":"gestion \u00e0 l'\u00e9chelle de la r\u00e9gion","slug":"gestion-a-lechelle-de-la-region","taxonomy":"project_tag","meta":[],"acf":[],"_links":{"self":[{"href":"https:\/\/acp-initiative.com\/fr\/wp-json\/wp\/v2\/project_tag\/194","targetHints":{"allow":["GET"]}}],"collection":[{"href":"https:\/\/acp-initiative.com\/fr\/wp-json\/wp\/v2\/project_tag"}],"about":[{"href":"https:\/\/acp-initiative.com\/fr\/wp-json\/wp\/v2\/taxonomies\/project_tag"}],"wp:post_type":[{"href":"https:\/\/acp-initiative.com\/fr\/wp-json\/wp\/v2\/project?project_tag=194"}],"curies":[{"name":"wp","href":"https:\/\/api.w.org\/{rel}","templated":true}]}}